{"id":1769,"date":"2025-03-22T19:35:40","date_gmt":"2025-03-22T18:35:40","guid":{"rendered":"https:\/\/lav-naila.de\/?p=1769"},"modified":"2025-03-31T19:36:04","modified_gmt":"2025-03-31T17:36:04","slug":"hallen-kreismeisterschaften-2025-kinderleichtathletik-u8-u10","status":"publish","type":"post","link":"https:\/\/lav-naila.de\/?p=1769","title":{"rendered":"Hallen-Kreismeisterschaften 2025 Kinderleichtathletik U8\/U10"},"content":{"rendered":"\n\n\n<div class=\"wp-block-media-text has-media-on-the-right is-stacked-on-mobile\" style=\"grid-template-columns:auto 25%\"><div class=\"wp-block-media-text__content\">\n<p>LAV Naila nahm mit ihrem Leichtathletik-Nachwuchs an der Kinderleichtathletik in der Jahnhalle beim Veranstalter LG Hof teil.<br>Trainerin Yvonne Singer konnte in den Altersstufen U10\/U8 stolze 20 Teilnehmer melden. Erfreulicherweise gab es keine Absagen und alle Kinder warteten gespannt auf ihre Aufgaben.<br>Nach einem gemeinsamen kurzen Aufw\u00e4rmtraining wurden die Kinder in gemischte Mannschaften eingeteilt.<br>In der U8 konnten 3 Mannschaften gebildet werden, die Zwerge, die Schl\u00fcmpfe und die Minions.<\/p>\n\n\n\n<p><\/p>\n<\/div><figure class=\"wp-block-media-text__media\"><img loading=\"lazy\" decoding=\"async\" width=\"625\" height=\"1024\" src=\"https:\/\/lav-naila.de\/wp-content\/uploads\/2025\/03\/image002-1-e1743442531859-625x1024.jpg\" alt=\"\" class=\"wp-image-1770 size-full\" srcset=\"https:\/\/lav-naila.de\/wp-content\/uploads\/2025\/03\/image002-1-e1743442531859-625x1024.jpg 625w, https:\/\/lav-naila.de\/wp-content\/uploads\/2025\/03\/image002-1-e1743442531859-183x300.jpg 183w, https:\/\/lav-naila.de\/wp-content\/uploads\/2025\/03\/image002-1-e1743442531859-768x1258.jpg 768w, https:\/\/lav-naila.de\/wp-content\/uploads\/2025\/03\/image002-1-e1743442531859-938x1536.jpg 938w, https:\/\/lav-naila.de\/wp-content\/uploads\/2025\/03\/image002-1-e1743442531859.jpg 977w\" sizes=\"auto, (max-width: 625px) 100vw, 625px\" \/><\/figure><\/div>\n\n\n\n<div class=\"wp-block-media-text is-stacked-on-mobile\" style=\"grid-template-columns:25% auto\"><figure class=\"wp-block-media-text__media\"><img loading=\"lazy\" decoding=\"async\" width=\"683\" height=\"1024\" src=\"https:\/\/lav-naila.de\/wp-content\/uploads\/2025\/03\/image003-1-683x1024.jpg\" alt=\"\" class=\"wp-image-1771 size-full\" srcset=\"https:\/\/lav-naila.de\/wp-content\/uploads\/2025\/03\/image003-1-683x1024.jpg 683w, https:\/\/lav-naila.de\/wp-content\/uploads\/2025\/03\/image003-1-200x300.jpg 200w, https:\/\/lav-naila.de\/wp-content\/uploads\/2025\/03\/image003-1-768x1151.jpg 768w, https:\/\/lav-naila.de\/wp-content\/uploads\/2025\/03\/image003-1-1025x1536.jpg 1025w, https:\/\/lav-naila.de\/wp-content\/uploads\/2025\/03\/image003-1.jpg 1334w\" sizes=\"auto, (max-width: 683px) 100vw, 683px\" \/><\/figure><div class=\"wp-block-media-text__content\">\n<p>In der U10 wurden aufgrund der vielen Teilnehmer 7 Mannschaften gestellt, die flotten Bienen, die flinken Wiesel, die Tausendf\u00fc\u00dfler, die wilden M\u00e4dchen, die Grash\u00fcpfer, die rosaroten Panther und die Rennm\u00e4use.<br>Die Mannschaften mussten verschiedene Disziplinen erf\u00fcllen, im Laufen 1 (Hindernis-Staffel), Springen 1 (Weitsprung-Staffel), Werfen 1 (Ball-Druckwurf), Springen 2 (Einbeinspr\u00fcnge) und Laufen 2 (Team-Biathlon).<\/p>\n\n\n\n<p><\/p>\n<\/div><\/div>\n\n\n\n<div class=\"wp-block-media-text has-media-on-the-right is-stacked-on-mobile\"><div class=\"wp-block-media-text__content\">\n<p>Alle Kinder gaben ihr Bestes, bei letzter Disziplin \u2013 Team-Biathlon \u2013 ging richtig die Post ab, die Begeisterung erfasste auch die Zuschauer, die alle Nachwuchsathleten lautstark anfeuerten.<br>Alle Kinder erhielten eine Medaille und hatten gro\u00dfen Spa\u00df.<\/p>\n\n\n\n<p><\/p>\n<\/div><figure class=\"wp-block-media-text__media\"><img loading=\"lazy\" decoding=\"async\" width=\"1024\" height=\"693\" src=\"https:\/\/lav-naila.de\/wp-content\/uploads\/2025\/03\/image004-scaled-e1743442502897-1024x693.jpg\" alt=\"\" class=\"wp-image-1772 size-full\" srcset=\"https:\/\/lav-naila.de\/wp-content\/uploads\/2025\/03\/image004-scaled-e1743442502897-1024x693.jpg 1024w, https:\/\/lav-naila.de\/wp-content\/uploads\/2025\/03\/image004-scaled-e1743442502897-300x203.jpg 300w, https:\/\/lav-naila.de\/wp-content\/uploads\/2025\/03\/image004-scaled-e1743442502897-768x520.jpg 768w, https:\/\/lav-naila.de\/wp-content\/uploads\/2025\/03\/image004-scaled-e1743442502897-1536x1040.jpg 1536w, https:\/\/lav-naila.de\/wp-content\/uploads\/2025\/03\/image004-scaled-e1743442502897-2048x1387.jpg 2048w\" sizes=\"auto, (max-width: 1024px) 100vw, 1024px\" \/><\/figure><\/div>\n","protected":false},"excerpt":{"rendered":"","protected":false},"author":1,"featured_media":0,"comment_status":"closed","ping_status":"closed","sticky":false,"template":"","format":"standard","meta":{"inline_featured_image":false,"footnotes":""},"categories":[18],"tags":[],"class_list":["post-1769","post","type-post","status-publish","format-standard","hentry","category-berichte"],"_links":{"self":[{"href":"https:\/\/lav-naila.de\/index.php?rest_route=\/wp\/v2\/posts\/1769","targetHints":{"allow":["GET"]}}],"collection":[{"href":"https:\/\/lav-naila.de\/index.php?rest_route=\/wp\/v2\/posts"}],"about":[{"href":"https:\/\/lav-naila.de\/index.php?rest_route=\/wp\/v2\/types\/post"}],"author":[{"embeddable":true,"href":"https:\/\/lav-naila.de\/index.php?rest_route=\/wp\/v2\/users\/1"}],"replies":[{"embeddable":true,"href":"https:\/\/lav-naila.de\/index.php?rest_route=%2Fwp%2Fv2%2Fcomments&post=1769"}],"version-history":[{"count":1,"href":"https:\/\/lav-naila.de\/index.php?rest_route=\/wp\/v2\/posts\/1769\/revisions"}],"predecessor-version":[{"id":1773,"href":"https:\/\/lav-naila.de\/index.php?rest_route=\/wp\/v2\/posts\/1769\/revisions\/1773"}],"wp:attachment":[{"href":"https:\/\/lav-naila.de\/index.php?rest_route=%2Fwp%2Fv2%2Fmedia&parent=1769"}],"wp:term":[{"taxonomy":"category","embeddable":true,"href":"https:\/\/lav-naila.de\/index.php?rest_route=%2Fwp%2Fv2%2Fcategories&post=1769"},{"taxonomy":"post_tag","embeddable":true,"href":"https:\/\/lav-naila.de\/index.php?rest_route=%2Fwp%2Fv2%2Ftags&post=1769"}],"curies":[{"name":"wp","href":"https:\/\/api.w.org\/{rel}","templated":true}]}}