{"id":1860,"date":"2026-01-07T18:05:44","date_gmt":"2026-01-07T17:05:44","guid":{"rendered":"https:\/\/lav-naila.de\/?p=1860"},"modified":"2026-01-25T18:19:41","modified_gmt":"2026-01-25T17:19:41","slug":"sportmedaille-der-stadt-naila-fuer-caecilia-schmidt","status":"publish","type":"post","link":"https:\/\/lav-naila.de\/?p=1860","title":{"rendered":"Sportmedaille der Stadt Naila f\u00fcr C\u00e4cilia Schmidt"},"content":{"rendered":"\n<p>Am 7. Januar 2026 wurde unsere Athletin C\u00e4cilia Schmidt im Rahmen der st\u00e4dtischen Sportlerehrung mit der Sportmedaille der Stadt Naila ausgezeichnet. Die Ehrung erfolgte durch B\u00fcrgermeister Frank Stumpf gem\u00e4\u00df Beschluss des Stadtrates vom 8. Dezember 2025 und w\u00fcrdigt ihre herausragenden Leistungen im Jahr 2025.<\/p>\n\n\n\n<div class=\"wp-block-media-text is-stacked-on-mobile\" style=\"grid-template-columns:33% auto\"><figure class=\"wp-block-media-text__media\"><img loading=\"lazy\" decoding=\"async\" width=\"657\" height=\"834\" src=\"https:\/\/lav-naila.de\/wp-content\/uploads\/2026\/01\/image001.jpg\" alt=\"\" class=\"wp-image-1861 size-full\" srcset=\"https:\/\/lav-naila.de\/wp-content\/uploads\/2026\/01\/image001.jpg 657w, https:\/\/lav-naila.de\/wp-content\/uploads\/2026\/01\/image001-236x300.jpg 236w\" sizes=\"auto, (max-width: 657px) 100vw, 657px\" \/><\/figure><div class=\"wp-block-media-text__content\">\n<p>Die feierliche \u00dcbergabe der Urkunde, Medaille und eines Pr\u00e4sents mit Stadtbranding fand im Rahmen des Neujahrsempfang in der Frankenhalle statt. Die Auszeichnung ist Ausdruck der hohen Wertsch\u00e4tzung, die C\u00e4cilia durch die Stadt Naila erf\u00e4hrt.<br><br><strong>Erfolge im \u00dcberblick<\/strong><br>C\u00e4cilia \u00fcberzeugte in mehreren Disziplinen der Leichtathletik und erzielte dabei Spitzenleistungen auf Landes- und Bundesebene:<br><br>\u2022 Bayerische Meisterin im Block Lauf (Pfaffenhofen an der Ilm) \u2192 Oberfr\u00e4nkischer Rekord und Platz 2 in der Deutschen Bestenliste<br>\u2022 Bayerische Vizemeisterin im Hochsprung<br>\u2022 Oberfr\u00e4nkische Meisterin in \u2192 Block Lauf \u2192 Hochsprung \u2192 Weitsprung \u2192 Vierkampf \u2192 80\u202fm H\u00fcrden \u2192 100\u202fm<\/p>\n<\/div><\/div>\n\n\n\n<p>Diese Titel spiegeln ihre Vielseitigkeit und ihr au\u00dfergew\u00f6hnliches Talent wider \u2013 sowohl in technischen Disziplinen als auch im Sprint- und Mehrkampfbereich.<\/p>\n\n\n\n<div class=\"wp-block-media-text is-stacked-on-mobile\" style=\"grid-template-columns:33% auto\"><figure class=\"wp-block-media-text__media\"><img loading=\"lazy\" decoding=\"async\" width=\"925\" height=\"694\" src=\"https:\/\/lav-naila.de\/wp-content\/uploads\/2026\/01\/image003.jpg\" alt=\"\" class=\"wp-image-1862 size-full\" srcset=\"https:\/\/lav-naila.de\/wp-content\/uploads\/2026\/01\/image003.jpg 925w, https:\/\/lav-naila.de\/wp-content\/uploads\/2026\/01\/image003-300x225.jpg 300w, https:\/\/lav-naila.de\/wp-content\/uploads\/2026\/01\/image003-768x576.jpg 768w\" sizes=\"auto, (max-width: 925px) 100vw, 925px\" \/><\/figure><div class=\"wp-block-media-text__content\">\n<p>Das Gruppenfoto der Geehrten zeigt C\u00e4cilia ganz links mit Trainer Stephan Lamprecht gemeinsam mit weiteren Sportlerinnen und Sportlern aus der Region. Ihr Erfolg ist nicht nur ein pers\u00f6nlicher Meilenstein, sondern auch ein Aush\u00e4ngeschild f\u00fcr unseren Verein und die Nachwuchsarbeit im oberfr\u00e4nkischen Sport.<br>Wir gratulieren herzlich!<br>Der Verein ist stolz auf C\u00e4cilias Leistungen und gratuliert ihr herzlich zu dieser verdienten Auszeichnung. Wir freuen uns auf weitere spannende Wettk\u00e4mpfe und w\u00fcnschen ihr f\u00fcr die kommende Saison viel Erfolg, Gesundheit und Freude am Sport.<\/p>\n<\/div><\/div>\n","protected":false},"excerpt":{"rendered":"<p>Am 7. Januar 2026 wurde unsere Athletin C\u00e4cilia Schmidt im Rahmen der st\u00e4dtischen Sportlerehrung mit der Sportmedaille der Stadt Naila ausgezeichnet. Die Ehrung erfolgte durch B\u00fcrgermeister Frank Stumpf gem\u00e4\u00df Beschluss des Stadtrates vom 8. Dezember 2025 und w\u00fcrdigt ihre herausragenden<\/p>\n","protected":false},"author":1,"featured_media":0,"comment_status":"closed","ping_status":"closed","sticky":false,"template":"","format":"standard","meta":{"inline_featured_image":false,"footnotes":""},"categories":[1,18],"tags":[],"class_list":["post-1860","post","type-post","status-publish","format-standard","hentry","category-allgemein","category-berichte"],"_links":{"self":[{"href":"https:\/\/lav-naila.de\/index.php?rest_route=\/wp\/v2\/posts\/1860","targetHints":{"allow":["GET"]}}],"collection":[{"href":"https:\/\/lav-naila.de\/index.php?rest_route=\/wp\/v2\/posts"}],"about":[{"href":"https:\/\/lav-naila.de\/index.php?rest_route=\/wp\/v2\/types\/post"}],"author":[{"embeddable":true,"href":"https:\/\/lav-naila.de\/index.php?rest_route=\/wp\/v2\/users\/1"}],"replies":[{"embeddable":true,"href":"https:\/\/lav-naila.de\/index.php?rest_route=%2Fwp%2Fv2%2Fcomments&post=1860"}],"version-history":[{"count":4,"href":"https:\/\/lav-naila.de\/index.php?rest_route=\/wp\/v2\/posts\/1860\/revisions"}],"predecessor-version":[{"id":1869,"href":"https:\/\/lav-naila.de\/index.php?rest_route=\/wp\/v2\/posts\/1860\/revisions\/1869"}],"wp:attachment":[{"href":"https:\/\/lav-naila.de\/index.php?rest_route=%2Fwp%2Fv2%2Fmedia&parent=1860"}],"wp:term":[{"taxonomy":"category","embeddable":true,"href":"https:\/\/lav-naila.de\/index.php?rest_route=%2Fwp%2Fv2%2Fcategories&post=1860"},{"taxonomy":"post_tag","embeddable":true,"href":"https:\/\/lav-naila.de\/index.php?rest_route=%2Fwp%2Fv2%2Ftags&post=1860"}],"curies":[{"name":"wp","href":"https:\/\/api.w.org\/{rel}","templated":true}]}}